{"id":1184,"date":"2020-04-19T19:53:05","date_gmt":"2020-04-19T19:53:05","guid":{"rendered":"https:\/\/www.animelicenciado.es\/?p=1184"},"modified":"2025-11-30T12:08:44","modified_gmt":"2025-11-30T11:08:44","slug":"la-isla-de-los-recuerdos-dvd","status":"publish","type":"post","link":"https:\/\/www.animelicenciado.es\/en_en\/la-isla-de-los-recuerdos-dvd\/","title":{"rendered":"La Isla de los Recuerdos y el Espejo M\u00e1gico (DVD)"},"content":{"rendered":"<div data-elementor-type=\"wp-post\" data-elementor-id=\"1184\" class=\"elementor elementor-1184\">\n\t\t\t\t\t\t<section class=\"elementor-section elementor-top-section elementor-element elementor-element-8f74d61 elementor-section-boxed elementor-section-height-default elementor-section-height-default\" data-id=\"8f74d61\" data-element_type=\"section\" data-e-type=\"section\">\n\t\t\t\t\t\t<div class=\"elementor-container elementor-column-gap-default\">\n\t\t\t\t\t<div class=\"elementor-column elementor-col-100 elementor-top-column elementor-element elementor-element-17af3fe4\" data-id=\"17af3fe4\" data-element_type=\"column\" data-e-type=\"column\">\n\t\t\t<div class=\"elementor-widget-wrap elementor-element-populated\">\n\t\t\t\t\t\t<div class=\"elementor-element elementor-element-7b0a9385 elementor-invisible elementor-widget elementor-widget-heading\" data-id=\"7b0a9385\" data-element_type=\"widget\" data-e-type=\"widget\" data-settings=\"{&quot;_animation&quot;:&quot;fadeInRight&quot;}\" data-widget_type=\"heading.default\">\n\t\t\t\t<div class=\"elementor-widget-container\">\n\t\t\t\t\t<h2 class=\"elementor-heading-title elementor-size-default\">La Isla de los Recuerdos y el Espejo M\u00e1gico<\/h2>\t\t\t\t<\/div>\n\t\t\t\t<\/div>\n\t\t\t\t<section class=\"elementor-section elementor-inner-section elementor-element elementor-element-b2380d2 elementor-section-boxed elementor-section-height-default elementor-section-height-default\" data-id=\"b2380d2\" data-element_type=\"section\" data-e-type=\"section\">\n\t\t\t\t\t\t<div class=\"elementor-container elementor-column-gap-default\">\n\t\t\t\t\t<div class=\"elementor-column elementor-col-50 elementor-inner-column elementor-element elementor-element-7aad9977\" data-id=\"7aad9977\" data-element_type=\"column\" data-e-type=\"column\">\n\t\t\t<div class=\"elementor-widget-wrap elementor-element-populated\">\n\t\t\t\t\t\t<div class=\"elementor-element elementor-element-f86bb4c elementor-widget__width-inherit elementor-invisible elementor-widget elementor-widget-image\" data-id=\"f86bb4c\" data-element_type=\"widget\" data-e-type=\"widget\" data-settings=\"{&quot;_animation&quot;:&quot;fadeIn&quot;}\" data-widget_type=\"image.default\">\n\t\t\t\t<div class=\"elementor-widget-container\">\n\t\t\t\t\t\t\t\t\t\t\t\t\t\t\t<img fetchpriority=\"high\" decoding=\"async\" width=\"500\" height=\"300\" src=\"https:\/\/www.animelicenciado.es\/wp-content\/uploads\/2020\/04\/peliculas.9669.IMAGEN8.jpg\" class=\"attachment-medium_large size-medium_large wp-image-1186\" alt=\"\" srcset=\"https:\/\/www.animelicenciado.es\/wp-content\/uploads\/2020\/04\/peliculas.9669.IMAGEN8.jpg 500w, https:\/\/www.animelicenciado.es\/wp-content\/uploads\/2020\/04\/peliculas.9669.IMAGEN8-300x180.jpg 300w\" sizes=\"(max-width: 500px) 100vw, 500px\" \/>\t\t\t\t\t\t\t\t\t\t\t\t\t\t\t<\/div>\n\t\t\t\t<\/div>\n\t\t\t\t\t<\/div>\n\t\t<\/div>\n\t\t\t\t<div class=\"elementor-column elementor-col-50 elementor-inner-column elementor-element elementor-element-310c5904\" data-id=\"310c5904\" data-element_type=\"column\" data-e-type=\"column\">\n\t\t\t<div class=\"elementor-widget-wrap elementor-element-populated\">\n\t\t\t\t\t\t<div class=\"elementor-element elementor-element-303bf1c3 elementor-tabs-view-horizontal elementor-invisible elementor-widget elementor-widget-tabs\" data-id=\"303bf1c3\" data-element_type=\"widget\" data-e-type=\"widget\" data-settings=\"{&quot;_animation&quot;:&quot;fadeIn&quot;}\" data-widget_type=\"tabs.default\">\n\t\t\t\t<div class=\"elementor-widget-container\">\n\t\t\t\t\t\t\t<div class=\"elementor-tabs\">\n\t\t\t<div class=\"elementor-tabs-wrapper\" role=\"tablist\" >\n\t\t\t\t\t\t\t\t\t<div id=\"elementor-tab-title-8091\" class=\"elementor-tab-title elementor-tab-desktop-title\" aria-selected=\"true\" data-tab=\"1\" role=\"tab\" tabindex=\"0\" aria-controls=\"elementor-tab-content-8091\" aria-expanded=\"false\">Datos<\/div>\n\t\t\t\t\t\t\t\t\t<div id=\"elementor-tab-title-8092\" class=\"elementor-tab-title elementor-tab-desktop-title\" aria-selected=\"false\" data-tab=\"2\" role=\"tab\" tabindex=\"-1\" aria-controls=\"elementor-tab-content-8092\" aria-expanded=\"false\">Edici\u00f3n Principal<\/div>\n\t\t\t\t\t\t\t\t\t<div id=\"elementor-tab-title-8093\" class=\"elementor-tab-title elementor-tab-desktop-title\" aria-selected=\"false\" data-tab=\"3\" role=\"tab\" tabindex=\"-1\" aria-controls=\"elementor-tab-content-8093\" aria-expanded=\"false\">M\u00e1s<\/div>\n\t\t\t\t\t\t\t\t\t<div id=\"elementor-tab-title-8094\" class=\"elementor-tab-title elementor-tab-desktop-title\" aria-selected=\"false\" data-tab=\"4\" role=\"tab\" tabindex=\"-1\" aria-controls=\"elementor-tab-content-8094\" aria-expanded=\"false\">Otros<\/div>\n\t\t\t\t\t\t\t<\/div>\n\t\t\t<div class=\"elementor-tabs-content-wrapper\" role=\"tablist\" aria-orientation=\"vertical\">\n\t\t\t\t\t\t\t\t\t<div class=\"elementor-tab-title elementor-tab-mobile-title\" aria-selected=\"true\" data-tab=\"1\" role=\"tab\" tabindex=\"0\" aria-controls=\"elementor-tab-content-8091\" aria-expanded=\"false\">Datos<\/div>\n\t\t\t\t\t<div id=\"elementor-tab-content-8091\" class=\"elementor-tab-content elementor-clearfix\" data-tab=\"1\" role=\"tabpanel\" aria-labelledby=\"elementor-tab-title-8091\" tabindex=\"0\" hidden=\"false\"><ul><li>T.O: Hottarake No Shima. Haruka to Maho no Kagami<\/li><li>A\u00f1o 2009<\/li><li>Propiedad: Fuji TV \/ Production IG \/ DENTSU \/ PONY CANYON<\/li><li>Editado en Espa\u00f1a en DVD en\u00a0<\/li><li>Licenciado por Selecta Visi\u00f3n<\/li><li>Duraci\u00f3n Aproximada: 99&#8242;<\/li><\/ul><\/div>\n\t\t\t\t\t\t\t\t\t<div class=\"elementor-tab-title elementor-tab-mobile-title\" aria-selected=\"false\" data-tab=\"2\" role=\"tab\" tabindex=\"-1\" aria-controls=\"elementor-tab-content-8092\" aria-expanded=\"false\">Edici\u00f3n Principal<\/div>\n\t\t\t\t\t<div id=\"elementor-tab-content-8092\" class=\"elementor-tab-content elementor-clearfix\" data-tab=\"2\" role=\"tabpanel\" aria-labelledby=\"elementor-tab-title-8092\" tabindex=\"0\" hidden=\"hidden\"><ul><li>Edici\u00f3n DVD (DVD-5)<\/li><li>Formato im\u00e1gen 16:9<\/li><li>Audio 5.1 Espa\u00f1ol \/ 5.1 Catal\u00e1n \/ 2.0 Valenciano<\/li><li>Subt\u00edtulos: &lt;Info no disponible&gt;<\/li><li>Extras: Ficha T\u00e9cnica \/ Ficha Art\u00edstica \/ Notas de Producci\u00f3n<\/li><li>EAN: 8414533073486<\/li><li>Referencia: 07348R<\/li><\/ul><\/div>\n\t\t\t\t\t\t\t\t\t<div class=\"elementor-tab-title elementor-tab-mobile-title\" aria-selected=\"false\" data-tab=\"3\" role=\"tab\" tabindex=\"-1\" aria-controls=\"elementor-tab-content-8093\" aria-expanded=\"false\">M\u00e1s<\/div>\n\t\t\t\t\t<div id=\"elementor-tab-content-8093\" class=\"elementor-tab-content elementor-clearfix\" data-tab=\"3\" role=\"tabpanel\" aria-labelledby=\"elementor-tab-title-8093\" tabindex=\"0\" hidden=\"hidden\"><ul><li>Emitido en Clan TVE<\/li><li>Editado en Edici\u00f3n Sencilla<\/li><\/ul><\/div>\n\t\t\t\t\t\t\t\t\t<div class=\"elementor-tab-title elementor-tab-mobile-title\" aria-selected=\"false\" data-tab=\"4\" role=\"tab\" tabindex=\"-1\" aria-controls=\"elementor-tab-content-8094\" aria-expanded=\"false\">Otros<\/div>\n\t\t\t\t\t<div id=\"elementor-tab-content-8094\" class=\"elementor-tab-content elementor-clearfix\" data-tab=\"4\" role=\"tabpanel\" aria-labelledby=\"elementor-tab-title-8094\" tabindex=\"0\" hidden=\"hidden\"><p>No disponible<\/p><\/div>\n\t\t\t\t\t\t\t<\/div>\n\t\t<\/div>\n\t\t\t\t\t\t<\/div>\n\t\t\t\t<\/div>\n\t\t\t\t\t<\/div>\n\t\t<\/div>\n\t\t\t\t\t<\/div>\n\t\t<\/section>\n\t\t\t\t\t<\/div>\n\t\t<\/div>\n\t\t\t\t\t<\/div>\n\t\t<\/section>\n\t\t\t\t<section class=\"elementor-section elementor-top-section elementor-element elementor-element-a3012b4 elementor-section-boxed elementor-section-height-default elementor-section-height-default\" data-id=\"a3012b4\" data-element_type=\"section\" data-e-type=\"section\">\n\t\t\t\t\t\t<div class=\"elementor-container elementor-column-gap-default\">\n\t\t\t\t\t<div class=\"elementor-column elementor-col-100 elementor-top-column elementor-element elementor-element-5e6029f6\" data-id=\"5e6029f6\" data-element_type=\"column\" data-e-type=\"column\">\n\t\t\t<div class=\"elementor-widget-wrap elementor-element-populated\">\n\t\t\t\t\t\t<div class=\"elementor-element elementor-element-7530ecf0 elementor-invisible elementor-widget elementor-widget-heading\" data-id=\"7530ecf0\" data-element_type=\"widget\" data-e-type=\"widget\" data-settings=\"{&quot;_animation&quot;:&quot;fadeInRight&quot;}\" data-widget_type=\"heading.default\">\n\t\t\t\t<div class=\"elementor-widget-container\">\n\t\t\t\t\t<h2 class=\"elementor-heading-title elementor-size-default\">Sinopsis<\/h2>\t\t\t\t<\/div>\n\t\t\t\t<\/div>\n\t\t\t\t\t<\/div>\n\t\t<\/div>\n\t\t\t\t\t<\/div>\n\t\t<\/section>\n\t\t\t\t<section class=\"elementor-section elementor-top-section elementor-element elementor-element-16781c28 elementor-section-boxed elementor-section-height-default elementor-section-height-default\" data-id=\"16781c28\" data-element_type=\"section\" data-e-type=\"section\">\n\t\t\t\t\t\t<div class=\"elementor-container elementor-column-gap-default\">\n\t\t\t\t\t<div class=\"elementor-column elementor-col-100 elementor-top-column elementor-element elementor-element-37373e52\" data-id=\"37373e52\" data-element_type=\"column\" data-e-type=\"column\">\n\t\t\t<div class=\"elementor-widget-wrap elementor-element-populated\">\n\t\t\t\t\t\t<div class=\"elementor-element elementor-element-40f5417f elementor-widget elementor-widget-text-editor\" data-id=\"40f5417f\" data-element_type=\"widget\" data-e-type=\"widget\" data-widget_type=\"text-editor.default\">\n\t\t\t\t<div class=\"elementor-widget-container\">\n\t\t\t\t\t\t\t\t\t<p>Haruka es una adolescente de 16 a\u00f1os. Su madre falleci\u00f3 cuando ella era muy peque\u00f1a pero su vida cambia cuando se encuentra con una maravillosa criatura que la llevar\u00e1 a la isla de los recuerdos, donde Haruka encontrar\u00e1 las memorias de su ni\u00f1ez y querr\u00e1 recuperar un preciado espejo que le fue regalado por su madre. Acomp\u00e1\u00f1ala en esta trepidante aventura llena de sorpresas y criaturas fant\u00e1sticas.<\/p>\t\t\t\t\t\t\t\t<\/div>\n\t\t\t\t<\/div>\n\t\t\t\t\t<\/div>\n\t\t<\/div>\n\t\t\t\t\t<\/div>\n\t\t<\/section>\n\t\t\t\t<section class=\"elementor-section elementor-top-section elementor-element elementor-element-76cb48f4 elementor-section-boxed elementor-section-height-default elementor-section-height-default\" data-id=\"76cb48f4\" data-element_type=\"section\" data-e-type=\"section\">\n\t\t\t\t\t\t<div class=\"elementor-container elementor-column-gap-default\">\n\t\t\t\t\t<div class=\"elementor-column elementor-col-100 elementor-top-column elementor-element elementor-element-5daa084f\" data-id=\"5daa084f\" data-element_type=\"column\" data-e-type=\"column\">\n\t\t\t<div class=\"elementor-widget-wrap elementor-element-populated\">\n\t\t\t\t\t\t<div class=\"elementor-element elementor-element-ac88293 elementor-widget elementor-widget-image\" data-id=\"ac88293\" data-element_type=\"widget\" data-e-type=\"widget\" data-widget_type=\"image.default\">\n\t\t\t\t<div class=\"elementor-widget-container\">\n\t\t\t\t\t\t\t\t\t\t\t\t\t\t\t<img decoding=\"async\" width=\"2560\" height=\"1811\" src=\"https:\/\/www.animelicenciado.es\/wp-content\/uploads\/2020\/04\/8414533073486-scaled.jpg\" class=\"attachment-full size-full wp-image-1187\" alt=\"\" srcset=\"https:\/\/www.animelicenciado.es\/wp-content\/uploads\/2020\/04\/8414533073486-scaled.jpg 2560w, https:\/\/www.animelicenciado.es\/wp-content\/uploads\/2020\/04\/8414533073486-300x212.jpg 300w, https:\/\/www.animelicenciado.es\/wp-content\/uploads\/2020\/04\/8414533073486-1024x725.jpg 1024w, https:\/\/www.animelicenciado.es\/wp-content\/uploads\/2020\/04\/8414533073486-768x543.jpg 768w, https:\/\/www.animelicenciado.es\/wp-content\/uploads\/2020\/04\/8414533073486-1536x1087.jpg 1536w, https:\/\/www.animelicenciado.es\/wp-content\/uploads\/2020\/04\/8414533073486-2048x1449.jpg 2048w, https:\/\/www.animelicenciado.es\/wp-content\/uploads\/2020\/04\/8414533073486-1200x849.jpg 1200w, https:\/\/www.animelicenciado.es\/wp-content\/uploads\/2020\/04\/8414533073486-1980x1401.jpg 1980w\" sizes=\"(max-width: 2560px) 100vw, 2560px\" \/>\t\t\t\t\t\t\t\t\t\t\t\t\t\t\t<\/div>\n\t\t\t\t<\/div>\n\t\t\t\t\t<\/div>\n\t\t<\/div>\n\t\t\t\t\t<\/div>\n\t\t<\/section>\n\t\t\t\t<\/div>","protected":false},"excerpt":{"rendered":"<p>[,\u00bb_background_color_b\u00bb:\u00bb#590202&#8243;,\u00bb_background_gradient_angle\u00bb:},\u00bbelements\u00bb:[],\u00bbwidgetType\u00bb:\u00bbheading\u00bb},,\u00bbbackground_color\u00bb:\u00bb#4054B2&#8243;,\u00bbtab_color\u00bb:\u00bb#FFFFFF\u00bb,\u00bbtab_active_color\u00bb:\u00bb#E1FC00&#8243;,\u00bbtab_typography_typography\u00bb:\u00bbcustom\u00bb,\u00bbtab_typography_font_family\u00bb:\u00bbABeeZee\u00bb,\u00bbtab_typography_line_height\u00bb:,\u00bbcontent_color\u00bb:\u00bb#FFFFFF\u00bb,\u00bbcontent_typography_typography\u00bb:\u00bbcustom\u00bb,\u00bbcontent_typography_font_family\u00bb:\u00bbABeeZee\u00bb,\u00bbcontent_typography_font_style\u00bb:\u00bbitalic\u00bb,\u00bbcontent_typography_line_height\u00bb:,\u00bb_animation\u00bb:\u00bbfadeIn\u00bb,\u00bb_background_background\u00bb:\u00bbgradient\u00bb,\u00bb_background_color\u00bb:\u00bb#590202&#8243;},\u00bbelements\u00bb:[],\u00bbwidgetType\u00bb:\u00bbtabs\u00bb}],\u00bbisInner\u00bb:true}],\u00bbisInner\u00bb:true}],\u00bbisInner\u00bb:false}],\u00bbisInner\u00bb:false},,\u00bb_background_color_b\u00bb:\u00bb#590202&#8243;,\u00bb_background_gradient_angle\u00bb:},\u00bbelements\u00bb:[],\u00bbwidgetType\u00bb:\u00bbheading\u00bb}],\u00bbisInner\u00bb:false}],\u00bbisInner\u00bb:false},,\u00bb_background_color_b\u00bb:\u00bb#590202&#8243;,\u00bb_background_gradient_angle\u00bb:},\u00bbelements\u00bb:[],\u00bbwidgetType\u00bb:\u00bbheading\u00bb},,\u00bbbackground_color\u00bb:\u00bb#4054B2&#8243;,\u00bbtab_color\u00bb:\u00bb#FFFFFF\u00bb,\u00bbtab_active_color\u00bb:\u00bb#E1FC00&#8243;,\u00bbtab_typography_typography\u00bb:\u00bbcustom\u00bb,\u00bbtab_typography_font_family\u00bb:\u00bbABeeZee\u00bb,\u00bbtab_typography_line_height\u00bb:,\u00bbcontent_color\u00bb:\u00bb#FFFFFF\u00bb,\u00bbcontent_typography_typography\u00bb:\u00bbcustom\u00bb,\u00bbcontent_typography_font_family\u00bb:\u00bbABeeZee\u00bb,\u00bbcontent_typography_font_style\u00bb:\u00bbitalic\u00bb,\u00bbcontent_typography_line_height\u00bb:,\u00bb_animation\u00bb:\u00bbfadeIn\u00bb,\u00bb_background_background\u00bb:\u00bbgradient\u00bb,\u00bb_background_color\u00bb:\u00bb#590202&#8243;},\u00bbelements\u00bb:[],\u00bbwidgetType\u00bb:\u00bbtabs\u00bb}],\u00bbisInner\u00bb:true}],\u00bbisInner\u00bb:true}],\u00bbisInner\u00bb:false}],\u00bbisInner\u00bb:false},,\u00bb_background_color_b\u00bb:\u00bb#590202&#8243;,\u00bb_background_gradient_angle\u00bb:},\u00bbelements\u00bb:[],\u00bbwidgetType\u00bb:\u00bbheading\u00bb}],\u00bbisInner\u00bb:false}],\u00bbisInner\u00bb:false},,\u00bb_background_color_b\u00bb:\u00bb#590202&#8243;,\u00bb_background_gradient_angle\u00bb:},\u00bbelements\u00bb:[],\u00bbwidgetType\u00bb:\u00bbheading\u00bb},,\u00bbbackground_color\u00bb:\u00bb#4054B2&#8243;,\u00bbtab_color\u00bb:\u00bb#FFFFFF\u00bb,\u00bbtab_active_color\u00bb:\u00bb#E1FC00&#8243;,\u00bbtab_typography_typography\u00bb:\u00bbcustom\u00bb,\u00bbtab_typography_font_family\u00bb:\u00bbABeeZee\u00bb,\u00bbtab_typography_line_height\u00bb:,\u00bbcontent_color\u00bb:\u00bb#FFFFFF\u00bb,\u00bbcontent_typography_typography\u00bb:\u00bbcustom\u00bb,\u00bbcontent_typography_font_family\u00bb:\u00bbABeeZee\u00bb,\u00bbcontent_typography_font_style\u00bb:\u00bbitalic\u00bb,\u00bbcontent_typography_line_height\u00bb:,\u00bb_animation\u00bb:\u00bbfadeIn\u00bb,\u00bb_background_background\u00bb:\u00bbgradient\u00bb,\u00bb_background_color\u00bb:\u00bb#590202&#8243;},\u00bbelements\u00bb:[],\u00bbwidgetType\u00bb:\u00bbtabs\u00bb}],\u00bbisInner\u00bb:true}],\u00bbisInner\u00bb:true}],\u00bbisInner\u00bb:false}],\u00bbisInner\u00bb:false},,\u00bb_background_color_b\u00bb:\u00bb#590202&#8243;,\u00bb_background_gradient_angle\u00bb:},\u00bbelements\u00bb:[],\u00bbwidgetType\u00bb:\u00bbheading\u00bb}],\u00bbisInner\u00bb:false}],\u00bbisInner\u00bb:false},{\u00abid\u00bb:\u00bb16781c28&#8243;,\u00bbelType\u00bb:\u00bbsection\u00bb,\u00bbsettings\u00bb:[],\u00bbelements\u00bb:[{\u00abid\u00bb:\u00bb37373e52&#8243;,\u00bbelType\u00bb:\u00bbcolumn\u00bb,\u00bbsettings\u00bb:{\u00ab_column_size\u00bb:100,\u00bb_inline_size\u00bb:null},\u00bbelements\u00bb:[{\u00abid\u00bb:\u00bb40f5417f\u00bb,\u00bbelType\u00bb:\u00bbwidget\u00bb,\u00bbsettings\u00bb:{\u00abeditor\u00bb:\u00bb Haruka es una adolescente de 16 au00f1os. Su madre falleciu00f3 cuando ella era muy pequeu00f1a pero su vida cambia cuando se encuentra con una maravillosa criatura que la llevaru00e1 a la isla de los recuerdos, donde Haruka encontraru00e1 las memorias de su niu00f1ez y querru00e1 recuperar un preciado espejo que le fue regalado por [&hellip;]<\/p>\n","protected":false},"author":1,"featured_media":20276,"comment_status":"open","ping_status":"open","sticky":false,"template":"elementor_header_footer","format":"standard","meta":{"footnotes":""},"categories":[76,2,27,149,21,268,7,17,28,26,32,81,252,75,66,85,248,254,29,30,31],"tags":[1575,1517,1579,1578,1535],"class_list":["post-1184","post","type-post","status-publish","format-standard","has-post-thumbnail","hentry","category-amazon-prime-video","category-ambito-aplicacion","category-cine","category-clan-tve","category-dvd","category-ed-sencilla","category-espana","category-formato","category-home-video","category-licencia","category-licenciatarias","category-netflix","category-pelicula","category-plataformas-streaming","category-selecta-vision","category-television","category-tipo-de-producto","category-tipo-edicion","category-tv-privada","category-tv-publica","category-vod","tag-anime","tag-dvd","tag-espejo-magico","tag-la-isla-de-los-recuerdos","tag-selecta-vision"],"_links":{"self":[{"href":"https:\/\/www.animelicenciado.es\/en_en\/wp-json\/wp\/v2\/posts\/1184","targetHints":{"allow":["GET"]}}],"collection":[{"href":"https:\/\/www.animelicenciado.es\/en_en\/wp-json\/wp\/v2\/posts"}],"about":[{"href":"https:\/\/www.animelicenciado.es\/en_en\/wp-json\/wp\/v2\/types\/post"}],"author":[{"embeddable":true,"href":"https:\/\/www.animelicenciado.es\/en_en\/wp-json\/wp\/v2\/users\/1"}],"replies":[{"embeddable":true,"href":"https:\/\/www.animelicenciado.es\/en_en\/wp-json\/wp\/v2\/comments?post=1184"}],"version-history":[{"count":7,"href":"https:\/\/www.animelicenciado.es\/en_en\/wp-json\/wp\/v2\/posts\/1184\/revisions"}],"predecessor-version":[{"id":20304,"href":"https:\/\/www.animelicenciado.es\/en_en\/wp-json\/wp\/v2\/posts\/1184\/revisions\/20304"}],"wp:featuredmedia":[{"embeddable":true,"href":"https:\/\/www.animelicenciado.es\/en_en\/wp-json\/wp\/v2\/media\/20276"}],"wp:attachment":[{"href":"https:\/\/www.animelicenciado.es\/en_en\/wp-json\/wp\/v2\/media?parent=1184"}],"wp:term":[{"taxonomy":"category","embeddable":true,"href":"https:\/\/www.animelicenciado.es\/en_en\/wp-json\/wp\/v2\/categories?post=1184"},{"taxonomy":"post_tag","embeddable":true,"href":"https:\/\/www.animelicenciado.es\/en_en\/wp-json\/wp\/v2\/tags?post=1184"}],"curies":[{"name":"wp","href":"https:\/\/api.w.org\/{rel}","templated":true}]}}